{"id":189978,"date":"2021-08-12T16:58:55","date_gmt":"2021-08-12T14:58:55","guid":{"rendered":"https:\/\/www.alfauna.ch.vasco.sui-inter.net\/sera-nutzt-interaktive-und-digitale-prasentation\/"},"modified":"2022-07-26T04:39:59","modified_gmt":"2022-07-26T02:39:59","slug":"sera-nutzt-interaktive-und-digitale-prasentation","status":"publish","type":"post","link":"https:\/\/stage.alfauna.ch\/fr\/sera-nutzt-interaktive-und-digitale-prasentation\/","title":{"rendered":"Sera nutzt interaktive und digitale Pr\u00e4sentation"},"content":{"rendered":"\n<div class=\"wp-block-columns is-layout-flex wp-container-core-columns-is-layout-9d6595d7 wp-block-columns-is-layout-flex\">\n<div class=\"wp-block-column is-layout-flow wp-block-column-is-layout-flow\">\n<h2 class=\"thin-font\" data-line-height=\"m\">Auf eine interaktive, digitale Pr\u00e4sentation nimmt Sera die Kunden mit.<\/h2>\r\n<p>Auch bei Sera wurde anl\u00e4sslich der Verschiebung der Interzoo entschieden, den Messestand interaktiv und digital zu realisieren. Die Vorstellung der neuen Produkte sollte dabei weiterhin einen entsprechenden Rahmen bekommen, teilt das Unternehmen mit.<\/p>\r\n<p>Sera bietet seinen Kunden zwei M\u00f6glichkeiten zur Besichtigung: In einer gef\u00fchrten Tour k\u00f6nnen sie sich den Aufbau der Messe und den Stand inklusive der Produktneuheiten pr\u00e4sentieren lassen. Alternativ steht ihnen der freie Gang \u00fcber das Gel\u00e4nde der Firmenzentrale in Heinsberg samt Messestand zur Verf\u00fcgung. Neben der Vorstellung von zwei neuen Produktfamilien gibt es einen Blick zur\u00fcck in die 50-j\u00e4hrige Firmengeschichte.<\/p>\r\n<p>So stellt Sera eine Futterdose vor, die zu 35 Prozent aus Zuckerrohr besteht und komplett recycelbar ist. Und mit der \u201esera AquaTank\u201c-Linie werden drei neue Aquarien mit 96, 128 und 160 Litern vorgestellt.<\/p>\r\n<p>Die gef\u00fchrte Tour ist unter <strong><a href=\"http:\/\/www.sera.de\/link\/guide\">www.sera.de\/link\/guide<\/a><\/strong> erreichbar, die freie Tour hier unter <strong><a href=\"http:\/\/www.sera.de\/link\/n6s8a.\">www.sera.de\/link\/n6s8a.<\/a><\/strong><\/p>\r\n<p>Dieser Artikel ist zuerst <strong><a href=\"https:\/\/www.petonline.de\/startseite\/aktuelles\/article\/sera-nutzt-interaktive-und-digitale-praesentation\/\">bei sera erschienen<\/a><\/strong><\/p>\r\n<\/div>\n<\/div>\n","protected":false},"excerpt":{"rendered":"<p>Sera nimmt die Kunden auf eine interaktive, digitale Pr\u00e4sentation mit.<\/p>\n","protected":false},"author":1,"featured_media":582,"comment_status":"closed","ping_status":"open","sticky":false,"template":"","format":"standard","meta":{"_acf_changed":false,"footnotes":""},"categories":[2066,2069],"tags":[2067,2070],"class_list":["post-189978","post","type-post","status-publish","format-standard","has-post-thumbnail","hentry","category-allgemein-fr","category-sera-fr","tag-allgemein-fr","tag-sera-fr"],"acf":[],"yoast_head":"<!-- This site is optimized with the Yoast SEO plugin v25.8 - https:\/\/yoast.com\/wordpress\/plugins\/seo\/ -->\n<title>Sera nutzt interaktive und digitale Pr\u00e4sentation - alfauna AG<\/title>\n<meta name=\"description\" content=\"Auch bei Sera wurde anl\u00e4sslich der Verschiebung der Interzoo entschieden, den Messestand interaktiv und digital zu realisieren.\" \/>\n<meta name=\"robots\" content=\"index, follow, max-snippet:-1, max-image-preview:large, max-video-preview:-1\" \/>\n<link rel=\"canonical\" href=\"https:\/\/stage.alfauna.ch\/fr\/sera-nutzt-interaktive-und-digitale-prasentation\/\" \/>\n<meta property=\"og:locale\" content=\"fr_FR\" \/>\n<meta property=\"og:type\" content=\"article\" \/>\n<meta property=\"og:title\" content=\"Sera nutzt interaktive und digitale Pr\u00e4sentation - alfauna AG\" \/>\n<meta property=\"og:description\" content=\"Auch bei Sera wurde anl\u00e4sslich der Verschiebung der Interzoo entschieden, den Messestand interaktiv und digital zu realisieren.\" \/>\n<meta property=\"og:url\" content=\"https:\/\/stage.alfauna.ch\/fr\/sera-nutzt-interaktive-und-digitale-prasentation\/\" \/>\n<meta property=\"og:site_name\" content=\"alfauna AG\" \/>\n<meta property=\"article:published_time\" content=\"2021-08-12T14:58:55+00:00\" \/>\n<meta property=\"article:modified_time\" content=\"2022-07-26T02:39:59+00:00\" \/>\n<meta property=\"og:image\" content=\"https:\/\/www.alfauna.ch\/wp-content\/uploads\/2021\/07\/sera_digital.jpg\" \/>\n\t<meta property=\"og:image:width\" content=\"350\" \/>\n\t<meta property=\"og:image:height\" content=\"217\" \/>\n\t<meta property=\"og:image:type\" content=\"image\/jpeg\" \/>\n<meta name=\"author\" content=\"miraADMIN\" \/>\n<meta name=\"twitter:card\" content=\"summary_large_image\" \/>\n<meta name=\"twitter:label1\" content=\"\u00c9crit par\" \/>\n\t<meta name=\"twitter:data1\" content=\"miraADMIN\" \/>\n\t<meta name=\"twitter:label2\" content=\"Dur\u00e9e de lecture estim\u00e9e\" \/>\n\t<meta name=\"twitter:data2\" content=\"1 minute\" \/>\n<script type=\"application\/ld+json\" class=\"yoast-schema-graph\">{\"@context\":\"https:\/\/schema.org\",\"@graph\":[{\"@type\":\"Article\",\"@id\":\"https:\/\/stage.alfauna.ch\/fr\/sera-nutzt-interaktive-und-digitale-prasentation\/#article\",\"isPartOf\":{\"@id\":\"https:\/\/stage.alfauna.ch\/fr\/sera-nutzt-interaktive-und-digitale-prasentation\/\"},\"author\":{\"name\":\"miraADMIN\",\"@id\":\"https:\/\/www.alfauna.ch\/de\/#\/schema\/person\/65b89bc837002a6c865c67f89f2e9287\"},\"headline\":\"Sera nutzt interaktive und digitale Pr\u00e4sentation\",\"datePublished\":\"2021-08-12T14:58:55+00:00\",\"dateModified\":\"2022-07-26T02:39:59+00:00\",\"mainEntityOfPage\":{\"@id\":\"https:\/\/stage.alfauna.ch\/fr\/sera-nutzt-interaktive-und-digitale-prasentation\/\"},\"wordCount\":181,\"publisher\":{\"@id\":\"https:\/\/www.alfauna.ch\/de\/#organization\"},\"image\":{\"@id\":\"https:\/\/stage.alfauna.ch\/fr\/sera-nutzt-interaktive-und-digitale-prasentation\/#primaryimage\"},\"thumbnailUrl\":\"https:\/\/stage.alfauna.ch\/wp-content\/uploads\/2021\/07\/sera_digital.jpg\",\"keywords\":[\"Allgemein\",\"Sera\"],\"articleSection\":[\"Allgemein\",\"Sera\"],\"inLanguage\":\"fr-FR\"},{\"@type\":\"WebPage\",\"@id\":\"https:\/\/stage.alfauna.ch\/fr\/sera-nutzt-interaktive-und-digitale-prasentation\/\",\"url\":\"https:\/\/stage.alfauna.ch\/fr\/sera-nutzt-interaktive-und-digitale-prasentation\/\",\"name\":\"Sera nutzt interaktive und digitale Pr\u00e4sentation - alfauna AG\",\"isPartOf\":{\"@id\":\"https:\/\/www.alfauna.ch\/de\/#website\"},\"primaryImageOfPage\":{\"@id\":\"https:\/\/stage.alfauna.ch\/fr\/sera-nutzt-interaktive-und-digitale-prasentation\/#primaryimage\"},\"image\":{\"@id\":\"https:\/\/stage.alfauna.ch\/fr\/sera-nutzt-interaktive-und-digitale-prasentation\/#primaryimage\"},\"thumbnailUrl\":\"https:\/\/stage.alfauna.ch\/wp-content\/uploads\/2021\/07\/sera_digital.jpg\",\"datePublished\":\"2021-08-12T14:58:55+00:00\",\"dateModified\":\"2022-07-26T02:39:59+00:00\",\"description\":\"Auch bei Sera wurde anl\u00e4sslich der Verschiebung der Interzoo entschieden, den Messestand interaktiv und digital zu realisieren.\",\"breadcrumb\":{\"@id\":\"https:\/\/stage.alfauna.ch\/fr\/sera-nutzt-interaktive-und-digitale-prasentation\/#breadcrumb\"},\"inLanguage\":\"fr-FR\",\"potentialAction\":[{\"@type\":\"ReadAction\",\"target\":[\"https:\/\/stage.alfauna.ch\/fr\/sera-nutzt-interaktive-und-digitale-prasentation\/\"]}]},{\"@type\":\"ImageObject\",\"inLanguage\":\"fr-FR\",\"@id\":\"https:\/\/stage.alfauna.ch\/fr\/sera-nutzt-interaktive-und-digitale-prasentation\/#primaryimage\",\"url\":\"https:\/\/stage.alfauna.ch\/wp-content\/uploads\/2021\/07\/sera_digital.jpg\",\"contentUrl\":\"https:\/\/stage.alfauna.ch\/wp-content\/uploads\/2021\/07\/sera_digital.jpg\",\"width\":350,\"height\":217},{\"@type\":\"BreadcrumbList\",\"@id\":\"https:\/\/stage.alfauna.ch\/fr\/sera-nutzt-interaktive-und-digitale-prasentation\/#breadcrumb\",\"itemListElement\":[{\"@type\":\"ListItem\",\"position\":1,\"name\":\"Startseite\",\"item\":\"https:\/\/www.alfauna.ch\/fr\/\"},{\"@type\":\"ListItem\",\"position\":2,\"name\":\"Sera nutzt interaktive und digitale Pr\u00e4sentation\"}]},{\"@type\":\"WebSite\",\"@id\":\"https:\/\/www.alfauna.ch\/de\/#website\",\"url\":\"https:\/\/www.alfauna.ch\/de\/\",\"name\":\"alfauna AG\",\"description\":\"Tierbedarf f\u00fcr Fachh\u00e4ndler\",\"publisher\":{\"@id\":\"https:\/\/www.alfauna.ch\/de\/#organization\"},\"potentialAction\":[{\"@type\":\"SearchAction\",\"target\":{\"@type\":\"EntryPoint\",\"urlTemplate\":\"https:\/\/www.alfauna.ch\/de\/?s={search_term_string}\"},\"query-input\":{\"@type\":\"PropertyValueSpecification\",\"valueRequired\":true,\"valueName\":\"search_term_string\"}}],\"inLanguage\":\"fr-FR\"},{\"@type\":\"Organization\",\"@id\":\"https:\/\/www.alfauna.ch\/de\/#organization\",\"name\":\"alfauna AG\",\"url\":\"https:\/\/www.alfauna.ch\/de\/\",\"logo\":{\"@type\":\"ImageObject\",\"inLanguage\":\"fr-FR\",\"@id\":\"https:\/\/www.alfauna.ch\/de\/#\/schema\/logo\/image\/\",\"url\":\"https:\/\/www.alfauna.ch\/wp-content\/uploads\/logo_alfauna_230px.png\",\"contentUrl\":\"https:\/\/www.alfauna.ch\/wp-content\/uploads\/logo_alfauna_230px.png\",\"width\":230,\"height\":123,\"caption\":\"alfauna AG\"},\"image\":{\"@id\":\"https:\/\/www.alfauna.ch\/de\/#\/schema\/logo\/image\/\"}},{\"@type\":\"Person\",\"@id\":\"https:\/\/www.alfauna.ch\/de\/#\/schema\/person\/65b89bc837002a6c865c67f89f2e9287\",\"name\":\"miraADMIN\",\"image\":{\"@type\":\"ImageObject\",\"inLanguage\":\"fr-FR\",\"@id\":\"https:\/\/www.alfauna.ch\/de\/#\/schema\/person\/image\/\",\"url\":\"https:\/\/secure.gravatar.com\/avatar\/b09e2c4cba5e045159a8cfb74b947c061bb3e2da5145d0e50b189d6663fe6486?s=96&d=mm&r=g\",\"contentUrl\":\"https:\/\/secure.gravatar.com\/avatar\/b09e2c4cba5e045159a8cfb74b947c061bb3e2da5145d0e50b189d6663fe6486?s=96&d=mm&r=g\",\"caption\":\"miraADMIN\"},\"sameAs\":[\"http:\/\/local.shop.alfauna.ch\"]}]}<\/script>\n<!-- \/ Yoast SEO plugin. -->","yoast_head_json":{"title":"Sera nutzt interaktive und digitale Pr\u00e4sentation - alfauna AG","description":"Auch bei Sera wurde anl\u00e4sslich der Verschiebung der Interzoo entschieden, den Messestand interaktiv und digital zu realisieren.","robots":{"index":"index","follow":"follow","max-snippet":"max-snippet:-1","max-image-preview":"max-image-preview:large","max-video-preview":"max-video-preview:-1"},"canonical":"https:\/\/stage.alfauna.ch\/fr\/sera-nutzt-interaktive-und-digitale-prasentation\/","og_locale":"fr_FR","og_type":"article","og_title":"Sera nutzt interaktive und digitale Pr\u00e4sentation - alfauna AG","og_description":"Auch bei Sera wurde anl\u00e4sslich der Verschiebung der Interzoo entschieden, den Messestand interaktiv und digital zu realisieren.","og_url":"https:\/\/stage.alfauna.ch\/fr\/sera-nutzt-interaktive-und-digitale-prasentation\/","og_site_name":"alfauna AG","article_published_time":"2021-08-12T14:58:55+00:00","article_modified_time":"2022-07-26T02:39:59+00:00","og_image":[{"width":350,"height":217,"url":"https:\/\/www.alfauna.ch\/wp-content\/uploads\/2021\/07\/sera_digital.jpg","type":"image\/jpeg"}],"author":"miraADMIN","twitter_card":"summary_large_image","twitter_misc":{"\u00c9crit par":"miraADMIN","Dur\u00e9e de lecture estim\u00e9e":"1 minute"},"schema":{"@context":"https:\/\/schema.org","@graph":[{"@type":"Article","@id":"https:\/\/stage.alfauna.ch\/fr\/sera-nutzt-interaktive-und-digitale-prasentation\/#article","isPartOf":{"@id":"https:\/\/stage.alfauna.ch\/fr\/sera-nutzt-interaktive-und-digitale-prasentation\/"},"author":{"name":"miraADMIN","@id":"https:\/\/www.alfauna.ch\/de\/#\/schema\/person\/65b89bc837002a6c865c67f89f2e9287"},"headline":"Sera nutzt interaktive und digitale Pr\u00e4sentation","datePublished":"2021-08-12T14:58:55+00:00","dateModified":"2022-07-26T02:39:59+00:00","mainEntityOfPage":{"@id":"https:\/\/stage.alfauna.ch\/fr\/sera-nutzt-interaktive-und-digitale-prasentation\/"},"wordCount":181,"publisher":{"@id":"https:\/\/www.alfauna.ch\/de\/#organization"},"image":{"@id":"https:\/\/stage.alfauna.ch\/fr\/sera-nutzt-interaktive-und-digitale-prasentation\/#primaryimage"},"thumbnailUrl":"https:\/\/stage.alfauna.ch\/wp-content\/uploads\/2021\/07\/sera_digital.jpg","keywords":["Allgemein","Sera"],"articleSection":["Allgemein","Sera"],"inLanguage":"fr-FR"},{"@type":"WebPage","@id":"https:\/\/stage.alfauna.ch\/fr\/sera-nutzt-interaktive-und-digitale-prasentation\/","url":"https:\/\/stage.alfauna.ch\/fr\/sera-nutzt-interaktive-und-digitale-prasentation\/","name":"Sera nutzt interaktive und digitale Pr\u00e4sentation - alfauna AG","isPartOf":{"@id":"https:\/\/www.alfauna.ch\/de\/#website"},"primaryImageOfPage":{"@id":"https:\/\/stage.alfauna.ch\/fr\/sera-nutzt-interaktive-und-digitale-prasentation\/#primaryimage"},"image":{"@id":"https:\/\/stage.alfauna.ch\/fr\/sera-nutzt-interaktive-und-digitale-prasentation\/#primaryimage"},"thumbnailUrl":"https:\/\/stage.alfauna.ch\/wp-content\/uploads\/2021\/07\/sera_digital.jpg","datePublished":"2021-08-12T14:58:55+00:00","dateModified":"2022-07-26T02:39:59+00:00","description":"Auch bei Sera wurde anl\u00e4sslich der Verschiebung der Interzoo entschieden, den Messestand interaktiv und digital zu realisieren.","breadcrumb":{"@id":"https:\/\/stage.alfauna.ch\/fr\/sera-nutzt-interaktive-und-digitale-prasentation\/#breadcrumb"},"inLanguage":"fr-FR","potentialAction":[{"@type":"ReadAction","target":["https:\/\/stage.alfauna.ch\/fr\/sera-nutzt-interaktive-und-digitale-prasentation\/"]}]},{"@type":"ImageObject","inLanguage":"fr-FR","@id":"https:\/\/stage.alfauna.ch\/fr\/sera-nutzt-interaktive-und-digitale-prasentation\/#primaryimage","url":"https:\/\/stage.alfauna.ch\/wp-content\/uploads\/2021\/07\/sera_digital.jpg","contentUrl":"https:\/\/stage.alfauna.ch\/wp-content\/uploads\/2021\/07\/sera_digital.jpg","width":350,"height":217},{"@type":"BreadcrumbList","@id":"https:\/\/stage.alfauna.ch\/fr\/sera-nutzt-interaktive-und-digitale-prasentation\/#breadcrumb","itemListElement":[{"@type":"ListItem","position":1,"name":"Startseite","item":"https:\/\/www.alfauna.ch\/fr\/"},{"@type":"ListItem","position":2,"name":"Sera nutzt interaktive und digitale Pr\u00e4sentation"}]},{"@type":"WebSite","@id":"https:\/\/www.alfauna.ch\/de\/#website","url":"https:\/\/www.alfauna.ch\/de\/","name":"alfauna AG","description":"Tierbedarf f\u00fcr Fachh\u00e4ndler","publisher":{"@id":"https:\/\/www.alfauna.ch\/de\/#organization"},"potentialAction":[{"@type":"SearchAction","target":{"@type":"EntryPoint","urlTemplate":"https:\/\/www.alfauna.ch\/de\/?s={search_term_string}"},"query-input":{"@type":"PropertyValueSpecification","valueRequired":true,"valueName":"search_term_string"}}],"inLanguage":"fr-FR"},{"@type":"Organization","@id":"https:\/\/www.alfauna.ch\/de\/#organization","name":"alfauna AG","url":"https:\/\/www.alfauna.ch\/de\/","logo":{"@type":"ImageObject","inLanguage":"fr-FR","@id":"https:\/\/www.alfauna.ch\/de\/#\/schema\/logo\/image\/","url":"https:\/\/www.alfauna.ch\/wp-content\/uploads\/logo_alfauna_230px.png","contentUrl":"https:\/\/www.alfauna.ch\/wp-content\/uploads\/logo_alfauna_230px.png","width":230,"height":123,"caption":"alfauna AG"},"image":{"@id":"https:\/\/www.alfauna.ch\/de\/#\/schema\/logo\/image\/"}},{"@type":"Person","@id":"https:\/\/www.alfauna.ch\/de\/#\/schema\/person\/65b89bc837002a6c865c67f89f2e9287","name":"miraADMIN","image":{"@type":"ImageObject","inLanguage":"fr-FR","@id":"https:\/\/www.alfauna.ch\/de\/#\/schema\/person\/image\/","url":"https:\/\/secure.gravatar.com\/avatar\/b09e2c4cba5e045159a8cfb74b947c061bb3e2da5145d0e50b189d6663fe6486?s=96&d=mm&r=g","contentUrl":"https:\/\/secure.gravatar.com\/avatar\/b09e2c4cba5e045159a8cfb74b947c061bb3e2da5145d0e50b189d6663fe6486?s=96&d=mm&r=g","caption":"miraADMIN"},"sameAs":["http:\/\/local.shop.alfauna.ch"]}]}},"_links":{"self":[{"href":"https:\/\/stage.alfauna.ch\/fr\/wp-json\/wp\/v2\/posts\/189978","targetHints":{"allow":["GET"]}}],"collection":[{"href":"https:\/\/stage.alfauna.ch\/fr\/wp-json\/wp\/v2\/posts"}],"about":[{"href":"https:\/\/stage.alfauna.ch\/fr\/wp-json\/wp\/v2\/types\/post"}],"author":[{"embeddable":true,"href":"https:\/\/stage.alfauna.ch\/fr\/wp-json\/wp\/v2\/users\/1"}],"replies":[{"embeddable":true,"href":"https:\/\/stage.alfauna.ch\/fr\/wp-json\/wp\/v2\/comments?post=189978"}],"version-history":[{"count":0,"href":"https:\/\/stage.alfauna.ch\/fr\/wp-json\/wp\/v2\/posts\/189978\/revisions"}],"wp:featuredmedia":[{"embeddable":true,"href":"https:\/\/stage.alfauna.ch\/fr\/wp-json\/wp\/v2\/media\/582"}],"wp:attachment":[{"href":"https:\/\/stage.alfauna.ch\/fr\/wp-json\/wp\/v2\/media?parent=189978"}],"wp:term":[{"taxonomy":"category","embeddable":true,"href":"https:\/\/stage.alfauna.ch\/fr\/wp-json\/wp\/v2\/categories?post=189978"},{"taxonomy":"post_tag","embeddable":true,"href":"https:\/\/stage.alfauna.ch\/fr\/wp-json\/wp\/v2\/tags?post=189978"}],"curies":[{"name":"wp","href":"https:\/\/api.w.org\/{rel}","templated":true}]}}